{"id":1237,"date":"2017-11-12T18:30:00","date_gmt":"2017-11-12T17:30:00","guid":{"rendered":"https:\/\/conselloevanxelico.org\/?p=1237"},"modified":"2017-11-13T23:51:32","modified_gmt":"2017-11-13T22:51:32","slug":"vigo-clausura-500-aniversario-la-reforma","status":"publish","type":"post","link":"https:\/\/conselloevanxelico.org\/gl\/vigo-clausura-500-aniversario-la-reforma\/","title":{"rendered":"Vigo clausura o 500 Aniversario da Reforma"},"content":{"rendered":"<p><figure id=\"attachment_1249\" aria-describedby=\"caption-attachment-1249\" style=\"width: 202px\" class=\"wp-caption alignleft\"><img loading=\"lazy\" decoding=\"async\" class=\"wp-image-1249\" style=\"font-size: 1rem; line-height: 1.5;\" src=\"https:\/\/conselloevanxelico.org\/wp-content\/uploads\/Vigo.-Julio-Torres-y-Cayetano-Rodr\u00edguez-Concejal-Cultura-Concello-Vigo.png\" alt=\"\" width=\"202\" height=\"270\" srcset=\"https:\/\/conselloevanxelico.org\/wp-content\/uploads\/Vigo.-Julio-Torres-y-Cayetano-Rodr\u00edguez-Concejal-Cultura-Concello-Vigo.png 237w, https:\/\/conselloevanxelico.org\/wp-content\/uploads\/Vigo.-Julio-Torres-y-Cayetano-Rodr\u00edguez-Concejal-Cultura-Concello-Vigo-224x300.png 224w\" sizes=\"auto, (max-width: 202px) 100vw, 202px\" \/><figcaption id=\"caption-attachment-1249\" class=\"wp-caption-text\"><strong><span class=\"gallery-caption\">Julio Torres e Cayetano Rodr\u00edguez, concejal Cultura de Vigo<\/span><\/strong><\/figcaption><\/figure><\/p>\n<p style=\"text-align: justify;\"><span style=\"font-weight: 400;\">Con motivo da celebraci\u00f3n do 500 Aniversario (1517-2017) durante a segunda semana do mes de novembro de 2017, as Igrexas Evanx\u00e9licas de Vigo organizaron varios eventos conmemorativos. O acto de apertura, o luns, d\u00eda 6 de novembro, arrincou coa inauguraci\u00f3n da <\/span><b><i>Exposici\u00f3n Itinerante de Biblias da Reforma<\/i><\/b><span style=\"font-weight: 400;\"> na Casa da Cultura de Vigo onde se puido mostrar desde un punto de vista hist\u00f3rico cultural a valiosa colecci\u00f3n. Conta con m\u00e1is de 100 exemplares dunha colecci\u00f3n hist\u00f3rica de Biblias antigas, estudos de c\u00f3dices, primeiras impresi\u00f3ns, edici\u00f3ns cat\u00f3licas e protestantes, traduci\u00f3ns en varios idiomas inclu\u00eddo o calou e curiosidades. A mostra permaneceu aberta ata \u00a0o s\u00e1bado, 11 de novembro e contou coa presenza de varios representantes institucionais, entre eles, unha deputada polo Partido Popular, o concelleiro de Cultura do Concello de Vigo as\u00ed como o alcalde da cidade, entre outros.<\/span><\/p>\n<p style=\"text-align: justify;\"><span style=\"font-weight: 400;\">As\u00ed mesmo, tam\u00e9n recib\u00edronse varias confirmaci\u00f3ns de asistencias, de diferentes representantes institucionais para o evento do <\/span><b><i>Concerto de Coro e Orquestra do 500 Aniversario<\/i><\/b><span style=\"font-weight: 400;\"> do 12 de novembro, cuxo director Emilio Lagos conta cunha dilatada experiencia en direcci\u00f3n de corais. Este coro est\u00e1 composto de 120 voces e m\u00fasicos de diversas Igrexas Evanx\u00e9licas de Galicia no cal participan tres xeraci\u00f3ns de diferentes familias galegas.<\/span><\/p>\n<p style=\"text-align: justify;\"><span style=\"font-weight: 400;\">O d\u00eda 6 de novembro, \u00a0tivo lugar a conferencia a cargo do Dr. Carballosa no Club Faro de Vigo \u00e1s 20:00 horas, baixo o t\u00edtulo <\/span><b><i>\u201cA Reforma Protestante: A s\u00faa necesidade e o seu impacto no mundo\u201d<\/i><\/b><span style=\"font-weight: 400;\">. Evis Lu\u00eds Carballosa \u00e9 fillo de emigrantes galegos en Cuba e residente en Galicia desde hai m\u00e1is de 30 anos. Comezou repasando a historia da igrexa e debullou as principais doutrinas evanx\u00e9licas a partir das reformas procedentes de Lutero e Calvino explicando o impacto que esta revoluci\u00f3n relixiosa supuxo no s\u00e9culo XVI, ata chegar \u00e1 actualidade.<\/span><\/p>\n<figure id=\"attachment_1248\" aria-describedby=\"caption-attachment-1248\" style=\"width: 333px\" class=\"wp-caption alignnone\"><img loading=\"lazy\" decoding=\"async\" class=\"wp-image-1248\" style=\"text-align: start;\" src=\"https:\/\/conselloevanxelico.org\/wp-content\/uploads\/Vigo.-Evis-Luis-Carballosa-y-Rosa-Gonzalez-GallegoFaro-de-Vigo-11-11-2017.png\" alt=\"\" width=\"333\" height=\"167\" \/><figcaption id=\"caption-attachment-1248\" class=\"wp-caption-text\"><span class=\"gallery-caption\"><strong>Evis Luis Carballosa e Rosa Rodr\u00edguez Gallego<\/strong><\/span><\/figcaption><\/figure>\n<p style=\"text-align: justify;\"><span style=\"font-weight: 400;\">Outro dos actos foi a presentaci\u00f3n do libro titulado <\/span><b><i>\u201cHistoria da Reforma do s\u00e9culo XXI\u201d<\/i><\/b><span style=\"font-weight: 400;\"> do pastor protestante su\u00edzo e historiador da Reforma Jean Henry Merle D\u2019Aubigne que se realizou o d\u00eda 8 de novembro na sala de exposici\u00f3ns da Casa da Cultura Galega \u00e1s 19:00 horas.<\/span><\/p>\n<p style=\"text-align: justify;\"><img loading=\"lazy\" decoding=\"async\" class=\"alignleft wp-image-1241\" src=\"https:\/\/conselloevanxelico.org\/wp-content\/uploads\/P500-cartel-Vigo-1-683x1024.jpg\" alt=\"\" width=\"481\" height=\"722\" srcset=\"https:\/\/conselloevanxelico.org\/wp-content\/uploads\/P500-cartel-Vigo-1-683x1024.jpg 683w, https:\/\/conselloevanxelico.org\/wp-content\/uploads\/P500-cartel-Vigo-1-200x300.jpg 200w, https:\/\/conselloevanxelico.org\/wp-content\/uploads\/P500-cartel-Vigo-1.jpg 1367w\" sizes=\"auto, (max-width: 481px) 100vw, 481px\" \/><\/p>\n<p style=\"text-align: justify;\">\u00a0<\/p>\n<p>&nbsp;<\/p>\n<p><\/p>","protected":false},"excerpt":{"rendered":"<p>Con motivo da celebraci\u00f3n do 500 Aniversario (1517-2017) durante a segunda semana do mes de novembro de 2017, as Igrexas Evanx\u00e9licas de Vigo organizaron varios [&hellip;]<\/p>\n","protected":false},"author":6,"featured_media":1256,"comment_status":"closed","ping_status":"open","sticky":false,"template":"","format":"standard","meta":{"footnotes":""},"categories":[6,47,4],"tags":[],"class_list":["post-1237","post","type-post","status-publish","format-standard","has-post-thumbnail","hentry","category-eventos","category-eventos-consello","category-noticias"],"_links":{"self":[{"href":"https:\/\/conselloevanxelico.org\/gl\/wp-json\/wp\/v2\/posts\/1237","targetHints":{"allow":["GET"]}}],"collection":[{"href":"https:\/\/conselloevanxelico.org\/gl\/wp-json\/wp\/v2\/posts"}],"about":[{"href":"https:\/\/conselloevanxelico.org\/gl\/wp-json\/wp\/v2\/types\/post"}],"author":[{"embeddable":true,"href":"https:\/\/conselloevanxelico.org\/gl\/wp-json\/wp\/v2\/users\/6"}],"replies":[{"embeddable":true,"href":"https:\/\/conselloevanxelico.org\/gl\/wp-json\/wp\/v2\/comments?post=1237"}],"version-history":[{"count":0,"href":"https:\/\/conselloevanxelico.org\/gl\/wp-json\/wp\/v2\/posts\/1237\/revisions"}],"wp:featuredmedia":[{"embeddable":true,"href":"https:\/\/conselloevanxelico.org\/gl\/wp-json\/wp\/v2\/media\/1256"}],"wp:attachment":[{"href":"https:\/\/conselloevanxelico.org\/gl\/wp-json\/wp\/v2\/media?parent=1237"}],"wp:term":[{"taxonomy":"category","embeddable":true,"href":"https:\/\/conselloevanxelico.org\/gl\/wp-json\/wp\/v2\/categories?post=1237"},{"taxonomy":"post_tag","embeddable":true,"href":"https:\/\/conselloevanxelico.org\/gl\/wp-json\/wp\/v2\/tags?post=1237"}],"curies":[{"name":"wp","href":"https:\/\/api.w.org\/{rel}","templated":true}]}}